{"id":1039,"date":"2025-03-17T17:16:09","date_gmt":"2025-03-17T16:16:09","guid":{"rendered":"https:\/\/nhcsocial.pt\/index.php\/convocatoria-da-assembleia-geral-da-nhc-social-copy-2-copy\/"},"modified":"2025-03-17T17:19:08","modified_gmt":"2025-03-17T16:19:08","slug":"convocatoria-da-assembleia-geral-da-nhc-social-copy-2-copy","status":"publish","type":"post","link":"https:\/\/nhcsocial.pt\/index.php\/convocatoria-da-assembleia-geral-da-nhc-social-copy-2-copy\/","title":{"rendered":"Convocat\u00f3ria da Assembleia Geral 28\/03\/2025"},"content":{"rendered":"\n<p>Encontra-se convocada a Assembleia Geral da Cooperativa a realizar no pr\u00f3ximo <strong>dia 28 de mar\u00e7o de 2025, pelas 10 horas<\/strong>, na sede, sita na Rua Fernando Maur\u00edcio, n.\u00ba 37B, em Lisboa. Pode ver a convocat\u00f3ria <a href=\"https:\/\/nhcsocial.pt\/wp-content\/uploads\/2025\/03\/Convocatoria-Assembleia-Geral-03-2025.pdf\" data-type=\"URL\" data-id=\"https:\/\/nhcsocial.pt\/wp-content\/uploads\/2023\/03\/DOC130323-13032023104909.pdf\" target=\"_blank\" rel=\"noreferrer noopener\">aqui<\/a>.<\/p>\n\n\n\n<p><\/p>\n","protected":false},"excerpt":{"rendered":"<p>Encontra-se convocada a Assembleia Geral da Cooperativa a realizar no pr\u00f3ximo dia 28 de mar\u00e7o de 2025, pelas 10 horas, na sede, sita na Rua Fernando Maur\u00edcio, n.\u00ba 37B, em Lisboa. Pode ver a convocat\u00f3ria aqui.<\/p>\n","protected":false},"author":2,"featured_media":0,"comment_status":"open","ping_status":"open","sticky":false,"template":"","format":"standard","meta":{"footnotes":""},"categories":[1],"tags":[],"class_list":["post-1039","post","type-post","status-publish","format-standard","hentry","category-uncategorized"],"_links":{"self":[{"href":"https:\/\/nhcsocial.pt\/index.php\/wp-json\/wp\/v2\/posts\/1039","targetHints":{"allow":["GET"]}}],"collection":[{"href":"https:\/\/nhcsocial.pt\/index.php\/wp-json\/wp\/v2\/posts"}],"about":[{"href":"https:\/\/nhcsocial.pt\/index.php\/wp-json\/wp\/v2\/types\/post"}],"author":[{"embeddable":true,"href":"https:\/\/nhcsocial.pt\/index.php\/wp-json\/wp\/v2\/users\/2"}],"replies":[{"embeddable":true,"href":"https:\/\/nhcsocial.pt\/index.php\/wp-json\/wp\/v2\/comments?post=1039"}],"version-history":[{"count":1,"href":"https:\/\/nhcsocial.pt\/index.php\/wp-json\/wp\/v2\/posts\/1039\/revisions"}],"predecessor-version":[{"id":1041,"href":"https:\/\/nhcsocial.pt\/index.php\/wp-json\/wp\/v2\/posts\/1039\/revisions\/1041"}],"wp:attachment":[{"href":"https:\/\/nhcsocial.pt\/index.php\/wp-json\/wp\/v2\/media?parent=1039"}],"wp:term":[{"taxonomy":"category","embeddable":true,"href":"https:\/\/nhcsocial.pt\/index.php\/wp-json\/wp\/v2\/categories?post=1039"},{"taxonomy":"post_tag","embeddable":true,"href":"https:\/\/nhcsocial.pt\/index.php\/wp-json\/wp\/v2\/tags?post=1039"}],"curies":[{"name":"wp","href":"https:\/\/api.w.org\/{rel}","templated":true}]}}