{"id":1060,"date":"2025-05-09T14:12:15","date_gmt":"2025-05-09T13:12:15","guid":{"rendered":"https:\/\/nhcsocial.pt\/?p=1060"},"modified":"2025-05-09T14:24:27","modified_gmt":"2025-05-09T13:24:27","slug":"vereadora-da-acao-social-de-lisboa-visita-creche-jose-mateus-para-homenagear-fundador-da-cooperativa","status":"publish","type":"post","link":"https:\/\/nhcsocial.pt\/index.php\/vereadora-da-acao-social-de-lisboa-visita-creche-jose-mateus-para-homenagear-fundador-da-cooperativa\/","title":{"rendered":"Vereadora da A\u00e7\u00e3o Social de Lisboa Visita Creche Jos\u00e9 Mateus para Homenagear Fundador da Cooperativa"},"content":{"rendered":"\n<p>Lisboa, 16 de abril de 2025 \u2013 A Creche Jos\u00e9 Mateus recebeu hoje a visita especial da Senhora Vereadora da A\u00e7\u00e3o Social da C\u00e2mara Municipal de Lisboa, Dra. Sofia Athayde. A ocasi\u00e3o teve como objetivo homenagear Jos\u00e9 Barreiros Mateus, fundador da cooperativa que deu nome \u00e0 creche, reconhecendo o seu contributo na partilha dos valores cooperativos, na representa\u00e7\u00e3o nacional e internacional dos ideais cooperativos, e tendo tido tamb\u00e9m um papel ativo na educa\u00e7\u00e3o, tendo sido ao longo de anos professor.<\/p>\n\n\n\n<figure class=\"wp-block-image size-full\"><img fetchpriority=\"high\" decoding=\"async\" width=\"885\" height=\"573\" src=\"https:\/\/nhcsocial.pt\/wp-content\/uploads\/2025\/05\/nhc1.jpg\" alt=\"\" class=\"wp-image-1062\" srcset=\"https:\/\/nhcsocial.pt\/wp-content\/uploads\/2025\/05\/nhc1.jpg 885w, https:\/\/nhcsocial.pt\/wp-content\/uploads\/2025\/05\/nhc1-300x194.jpg 300w, https:\/\/nhcsocial.pt\/wp-content\/uploads\/2025\/05\/nhc1-768x497.jpg 768w\" sizes=\"(max-width: 885px) 100vw, 885px\" \/><\/figure>\n\n\n\n<p>Durante a visita, a vereadora percorreu as instala\u00e7\u00f5es da creche, conhecendo de perto o trabalho desenvolvido pelas educadoras e funcion\u00e1rias. O momento alto do evento foi uma cerim\u00f4nia simb\u00f3lica onde foi destacado o legado de Jos\u00e9 Barreiros Mateus, cuja vis\u00e3o permitiu a cria\u00e7\u00e3o de um ambiente educativo de qualidade.<br>A dedica\u00e7\u00e3o de Jos\u00e9 Barreiros Mateus ao movimento cooperativo foi determinante para a concretiza\u00e7\u00e3o deste projeto, tendo a creche adotado os ideais cooperativos como refer\u00eancia, as salas amizade, coopera\u00e7\u00e3o e autonomia, s\u00e3o o perfeito exemplo dos princ\u00edpios que a creche adota.<br>A homenagem contou ainda com a participa\u00e7\u00e3o de representantes da cooperativa e membros da comunidade educativa, dos pais, das educadoras e auxiliares, familiares e amigos, tamb\u00e9m estiveram presentes. O evento refor\u00e7ou a import\u00e2ncia do envolvimento social na promo\u00e7\u00e3o de espa\u00e7os seguros e enriquecedores para as crian\u00e7as.<\/p>\n\n\n\n<figure class=\"wp-block-image size-full\"><img decoding=\"async\" width=\"580\" height=\"467\" src=\"https:\/\/nhcsocial.pt\/wp-content\/uploads\/2025\/05\/nhc2.jpg\" alt=\"\" class=\"wp-image-1063\" srcset=\"https:\/\/nhcsocial.pt\/wp-content\/uploads\/2025\/05\/nhc2.jpg 580w, https:\/\/nhcsocial.pt\/wp-content\/uploads\/2025\/05\/nhc2-300x242.jpg 300w\" sizes=\"(max-width: 580px) 100vw, 580px\" \/><\/figure>\n","protected":false},"excerpt":{"rendered":"<p>Lisboa, 16 de abril de 2025 \u2013 A Creche Jos\u00e9 Mateus recebeu hoje a visita especial da Senhora Vereadora da A\u00e7\u00e3o Social da C\u00e2mara Municipal de Lisboa, Dra. Sofia Athayde. A ocasi\u00e3o teve como objetivo homenagear Jos\u00e9 Barreiros Mateus, fundador da cooperativa que deu nome \u00e0 creche, reconhecendo o seu contributo na partilha dos valores [&hellip;]<\/p>\n","protected":false},"author":1,"featured_media":0,"comment_status":"closed","ping_status":"closed","sticky":false,"template":"","format":"standard","meta":{"footnotes":""},"categories":[1],"tags":[],"class_list":["post-1060","post","type-post","status-publish","format-standard","hentry","category-uncategorized"],"_links":{"self":[{"href":"https:\/\/nhcsocial.pt\/index.php\/wp-json\/wp\/v2\/posts\/1060","targetHints":{"allow":["GET"]}}],"collection":[{"href":"https:\/\/nhcsocial.pt\/index.php\/wp-json\/wp\/v2\/posts"}],"about":[{"href":"https:\/\/nhcsocial.pt\/index.php\/wp-json\/wp\/v2\/types\/post"}],"author":[{"embeddable":true,"href":"https:\/\/nhcsocial.pt\/index.php\/wp-json\/wp\/v2\/users\/1"}],"replies":[{"embeddable":true,"href":"https:\/\/nhcsocial.pt\/index.php\/wp-json\/wp\/v2\/comments?post=1060"}],"version-history":[{"count":1,"href":"https:\/\/nhcsocial.pt\/index.php\/wp-json\/wp\/v2\/posts\/1060\/revisions"}],"predecessor-version":[{"id":1064,"href":"https:\/\/nhcsocial.pt\/index.php\/wp-json\/wp\/v2\/posts\/1060\/revisions\/1064"}],"wp:attachment":[{"href":"https:\/\/nhcsocial.pt\/index.php\/wp-json\/wp\/v2\/media?parent=1060"}],"wp:term":[{"taxonomy":"category","embeddable":true,"href":"https:\/\/nhcsocial.pt\/index.php\/wp-json\/wp\/v2\/categories?post=1060"},{"taxonomy":"post_tag","embeddable":true,"href":"https:\/\/nhcsocial.pt\/index.php\/wp-json\/wp\/v2\/tags?post=1060"}],"curies":[{"name":"wp","href":"https:\/\/api.w.org\/{rel}","templated":true}]}}