{"id":904,"date":"2024-04-01T15:12:19","date_gmt":"2024-04-01T14:12:19","guid":{"rendered":"https:\/\/nhcsocial.pt\/index.php\/convocatoria-da-assembleia-geral-da-nhc-social-copy\/"},"modified":"2024-04-08T13:57:28","modified_gmt":"2024-04-08T12:57:28","slug":"convocatoria-da-assembleia-geral-da-nhc-social-copy","status":"publish","type":"post","link":"https:\/\/nhcsocial.pt\/index.php\/convocatoria-da-assembleia-geral-da-nhc-social-copy\/","title":{"rendered":"NHC (Social) 25 ANOS"},"content":{"rendered":"\n<p>A NHC (Social) celebra este ano, os seus 25 ANOS a cooperativa foi fundada no dia treze de julho de mil novecentos e noventa e nove.<\/p>\n\n\n\n<p>Para comemorar este seu 25\u00ba anivers\u00e1rio, a cooperativa, ir\u00e1 promover diversas atividades e iniciativas, e lan\u00e7ou tamb\u00e9m o seu logotipo comemorativo dos vinte cinco anos, que ser\u00e1 utilizado no decorrer de 2024.<\/p>\n\n\n\n<p>Parab\u00e9ns NHC (Social)<\/p>\n\n\n\n<p><\/p>\n\n\n\n<figure class=\"wp-block-image size-full\"><img decoding=\"async\" width=\"207\" height=\"115\" src=\"https:\/\/nhcsocial.pt\/wp-content\/uploads\/2024\/04\/image.png\" alt=\"\" class=\"wp-image-906\"\/><\/figure>\n","protected":false},"excerpt":{"rendered":"<p>A NHC (Social) celebra este ano, os seus 25 ANOS a cooperativa foi fundada no dia treze de julho de mil novecentos e noventa e nove. Para comemorar este seu 25\u00ba anivers\u00e1rio, a cooperativa, ir\u00e1 promover diversas atividades e iniciativas, e lan\u00e7ou tamb\u00e9m o seu logotipo comemorativo dos vinte cinco anos, que ser\u00e1 utilizado no [&hellip;]<\/p>\n","protected":false},"author":2,"featured_media":0,"comment_status":"closed","ping_status":"closed","sticky":false,"template":"","format":"standard","meta":{"footnotes":""},"categories":[1],"tags":[],"class_list":["post-904","post","type-post","status-publish","format-standard","hentry","category-uncategorized"],"_links":{"self":[{"href":"https:\/\/nhcsocial.pt\/index.php\/wp-json\/wp\/v2\/posts\/904","targetHints":{"allow":["GET"]}}],"collection":[{"href":"https:\/\/nhcsocial.pt\/index.php\/wp-json\/wp\/v2\/posts"}],"about":[{"href":"https:\/\/nhcsocial.pt\/index.php\/wp-json\/wp\/v2\/types\/post"}],"author":[{"embeddable":true,"href":"https:\/\/nhcsocial.pt\/index.php\/wp-json\/wp\/v2\/users\/2"}],"replies":[{"embeddable":true,"href":"https:\/\/nhcsocial.pt\/index.php\/wp-json\/wp\/v2\/comments?post=904"}],"version-history":[{"count":3,"href":"https:\/\/nhcsocial.pt\/index.php\/wp-json\/wp\/v2\/posts\/904\/revisions"}],"predecessor-version":[{"id":910,"href":"https:\/\/nhcsocial.pt\/index.php\/wp-json\/wp\/v2\/posts\/904\/revisions\/910"}],"wp:attachment":[{"href":"https:\/\/nhcsocial.pt\/index.php\/wp-json\/wp\/v2\/media?parent=904"}],"wp:term":[{"taxonomy":"category","embeddable":true,"href":"https:\/\/nhcsocial.pt\/index.php\/wp-json\/wp\/v2\/categories?post=904"},{"taxonomy":"post_tag","embeddable":true,"href":"https:\/\/nhcsocial.pt\/index.php\/wp-json\/wp\/v2\/tags?post=904"}],"curies":[{"name":"wp","href":"https:\/\/api.w.org\/{rel}","templated":true}]}}